{"id":40691,"date":"2025-09-05T19:35:42","date_gmt":"2025-09-05T17:35:42","guid":{"rendered":"https:\/\/caminoignaciano.org\/?p=40691"},"modified":"2025-09-05T19:44:39","modified_gmt":"2025-09-05T17:44:39","slug":"con-il-padre-generale-dopo-il-cammino-ignaziano","status":"publish","type":"post","link":"https:\/\/caminoignaciano.org\/it\/con-il-padre-generale-dopo-il-cammino-ignaziano\/","title":{"rendered":"Con il Padre Generale dopo il Cammino Ignaziano"},"content":{"rendered":"\t\t<div data-elementor-type=\"wp-post\" data-elementor-id=\"40691\" class=\"elementor elementor-40691 elementor-40613\" data-elementor-post-type=\"post\">\n\t\t\t\t\t\t<section class=\"elementor-section elementor-top-section elementor-element elementor-element-f7c08dd elementor-section-boxed elementor-section-height-default elementor-section-height-default\" data-id=\"f7c08dd\" data-element_type=\"section\" data-e-type=\"section\">\n\t\t\t\t\t\t<div class=\"elementor-container elementor-column-gap-default\">\n\t\t\t\t\t<div class=\"elementor-column elementor-col-100 elementor-top-column elementor-element elementor-element-322b6c2\" data-id=\"322b6c2\" data-element_type=\"column\" data-e-type=\"column\">\n\t\t\t<div class=\"elementor-widget-wrap elementor-element-populated\">\n\t\t\t\t\t\t<div class=\"elementor-element elementor-element-ec83ed2 elementor-widget elementor-widget-text-editor\" data-id=\"ec83ed2\" data-element_type=\"widget\" data-e-type=\"widget\" data-widget_type=\"text-editor.default\">\n\t\t\t\t<div class=\"elementor-widget-container\">\n\t\t\t\t\t\t\t\t\t<p>Per 15 giorni i pellegrini di Santa Clara Berkeley, USA, hanno camminato da Loyola a Manresa e da l\u00ec sono volati a<br \/>Roma, dove hanno incontrato Padre Sosa, Generale della Compagnia di Ges\u00f9.<\/p><p>Il pellegrinaggio del Cammino Ignaziano \u00e8&#8230;<\/p><p><a href=\"https:\/\/caminoignaciano.org\/wp-content\/uploads\/2025\/09\/Grupo-F-ingles-agrupados-20-ene-it-10-11.pdf\" target=\"_blank\" rel=\"noopener\">Leggi di pi\u00f9 qui<\/a><\/p>\t\t\t\t\t\t\t\t<\/div>\n\t\t\t\t<\/div>\n\t\t\t\t\t<\/div>\n\t\t<\/div>\n\t\t\t\t\t<\/div>\n\t\t<\/section>\n\t\t\t\t<\/div>\n\t\t","protected":false},"excerpt":{"rendered":"<p>Per 15 giorni i pellegrini di Santa Clara Berkeley, USA, hanno camminato da Loyola a Manresa e da l\u00ec sono volati aRoma, dove hanno incontrato Padre Sosa, Generale della Compagnia di Ges\u00f9. Il pellegrinaggio del Cammino Ignaziano \u00e8&#8230; Leggi di pi\u00f9 qui<\/p>\n","protected":false},"author":5,"featured_media":40620,"comment_status":"open","ping_status":"closed","sticky":false,"template":"","format":"standard","meta":{"_acf_changed":false,"footnotes":""},"categories":[14],"tags":[],"class_list":["post-40691","post","type-post","status-publish","format-standard","has-post-thumbnail","hentry","category-non-categorizzato"],"acf":[],"_links":{"self":[{"href":"https:\/\/caminoignaciano.org\/it\/wp-json\/wp\/v2\/posts\/40691","targetHints":{"allow":["GET"]}}],"collection":[{"href":"https:\/\/caminoignaciano.org\/it\/wp-json\/wp\/v2\/posts"}],"about":[{"href":"https:\/\/caminoignaciano.org\/it\/wp-json\/wp\/v2\/types\/post"}],"author":[{"embeddable":true,"href":"https:\/\/caminoignaciano.org\/it\/wp-json\/wp\/v2\/users\/5"}],"replies":[{"embeddable":true,"href":"https:\/\/caminoignaciano.org\/it\/wp-json\/wp\/v2\/comments?post=40691"}],"version-history":[{"count":0,"href":"https:\/\/caminoignaciano.org\/it\/wp-json\/wp\/v2\/posts\/40691\/revisions"}],"wp:featuredmedia":[{"embeddable":true,"href":"https:\/\/caminoignaciano.org\/it\/wp-json\/wp\/v2\/media\/40620"}],"wp:attachment":[{"href":"https:\/\/caminoignaciano.org\/it\/wp-json\/wp\/v2\/media?parent=40691"}],"wp:term":[{"taxonomy":"category","embeddable":true,"href":"https:\/\/caminoignaciano.org\/it\/wp-json\/wp\/v2\/categories?post=40691"},{"taxonomy":"post_tag","embeddable":true,"href":"https:\/\/caminoignaciano.org\/it\/wp-json\/wp\/v2\/tags?post=40691"}],"curies":[{"name":"wp","href":"https:\/\/api.w.org\/{rel}","templated":true}]}}