{"id":41507,"date":"2026-01-12T18:34:50","date_gmt":"2026-01-12T17:34:50","guid":{"rendered":"https:\/\/caminoignaciano.org\/?p=41507"},"modified":"2026-01-12T18:39:21","modified_gmt":"2026-01-12T17:39:21","slug":"en-pelerinage-avec-saint-ignace-de-lespagne-a-litalie","status":"publish","type":"post","link":"https:\/\/caminoignaciano.org\/fr\/en-pelerinage-avec-saint-ignace-de-lespagne-a-litalie\/","title":{"rendered":"En p\u00e8lerinage avec saint Ignace, de l&rsquo;Espagne \u00e0 l&rsquo;Italie !"},"content":{"rendered":"\n<p>J&rsquo;ai effectu\u00e9 plusieurs p\u00e8lerinages (Saint-Jacques-de-Compostelle et p\u00e8lerinage ignatien) et des retraites, et je peux affirmer que celui-ci est de loin le plus beau. Tout \u00e9tait magnifique et parfait. Mes compagnons de p\u00e8lerinage, avec leurs particularit\u00e9s, leurs habitudes, leurs cultures et leurs origines, \u00e9taient unis dans leur cheminement avec saint Ignace, \u00e0 la recherche de Dieu. <\/p>\n\n\n\n<p><a href=\"https:\/\/caminoignaciano.org\/wp-content\/uploads\/2026\/01\/Exp-Verdcu-Roma-2025-fr.pdf\" target=\"_blank\" rel=\"noreferrer noopener\">Poursuivez votre lecture et d\u00e9couvrez les photos ici.<\/a><\/p>\n","protected":false},"excerpt":{"rendered":"<p>J&rsquo;ai effectu\u00e9 plusieurs p\u00e8lerinages (Saint-Jacques-de-Compostelle et p\u00e8lerinage ignatien) et des retraites, et je peux affirmer que celui-ci est de loin le plus beau. Tout \u00e9tait magnifique et parfait. Mes compagnons de p\u00e8lerinage, avec leurs particularit\u00e9s, leurs habitudes, leurs cultures et leurs origines, \u00e9taient unis dans leur cheminement avec saint Ignace, \u00e0 la recherche de Dieu. [&hellip;]<\/p>\n","protected":false},"author":5,"featured_media":41506,"comment_status":"open","ping_status":"closed","sticky":false,"template":"","format":"standard","meta":{"_acf_changed":false,"footnotes":""},"categories":[77,12],"tags":[],"class_list":["post-41507","post","type-post","status-publish","format-standard","has-post-thumbnail","hentry","category-experiences-fr","category-non-classifiee"],"acf":[],"_links":{"self":[{"href":"https:\/\/caminoignaciano.org\/fr\/wp-json\/wp\/v2\/posts\/41507","targetHints":{"allow":["GET"]}}],"collection":[{"href":"https:\/\/caminoignaciano.org\/fr\/wp-json\/wp\/v2\/posts"}],"about":[{"href":"https:\/\/caminoignaciano.org\/fr\/wp-json\/wp\/v2\/types\/post"}],"author":[{"embeddable":true,"href":"https:\/\/caminoignaciano.org\/fr\/wp-json\/wp\/v2\/users\/5"}],"replies":[{"embeddable":true,"href":"https:\/\/caminoignaciano.org\/fr\/wp-json\/wp\/v2\/comments?post=41507"}],"version-history":[{"count":0,"href":"https:\/\/caminoignaciano.org\/fr\/wp-json\/wp\/v2\/posts\/41507\/revisions"}],"wp:featuredmedia":[{"embeddable":true,"href":"https:\/\/caminoignaciano.org\/fr\/wp-json\/wp\/v2\/media\/41506"}],"wp:attachment":[{"href":"https:\/\/caminoignaciano.org\/fr\/wp-json\/wp\/v2\/media?parent=41507"}],"wp:term":[{"taxonomy":"category","embeddable":true,"href":"https:\/\/caminoignaciano.org\/fr\/wp-json\/wp\/v2\/categories?post=41507"},{"taxonomy":"post_tag","embeddable":true,"href":"https:\/\/caminoignaciano.org\/fr\/wp-json\/wp\/v2\/tags?post=41507"}],"curies":[{"name":"wp","href":"https:\/\/api.w.org\/{rel}","templated":true}]}}