{"id":30690,"date":"2023-08-01T12:31:32","date_gmt":"2023-08-01T10:31:32","guid":{"rendered":"https:\/\/caminoignaciano.org\/du-reseau-des-ecoles-jesuites-aux-etats-unis-au-chemin-ignacien-en-espagne\/"},"modified":"2023-08-01T12:51:32","modified_gmt":"2023-08-01T10:51:32","slug":"du-reseau-des-ecoles-jesuites-aux-etats-unis-au-chemin-ignacien-en-espagne","status":"publish","type":"post","link":"https:\/\/caminoignaciano.org\/fr\/du-reseau-des-ecoles-jesuites-aux-etats-unis-au-chemin-ignacien-en-espagne\/","title":{"rendered":"Du r\u00e9seau des \u00e9coles j\u00e9suites aux \u00c9tats-Unis au Chemin Ignacien en Espagne"},"content":{"rendered":"\t\t<div data-elementor-type=\"wp-post\" data-elementor-id=\"30690\" class=\"elementor elementor-30690 elementor-30612\" data-elementor-post-type=\"post\">\n\t\t\t\t\t\t<section class=\"elementor-section elementor-top-section elementor-element elementor-element-82bd794 elementor-section-boxed elementor-section-height-default elementor-section-height-default\" data-id=\"82bd794\" data-element_type=\"section\" data-e-type=\"section\">\n\t\t\t\t\t\t<div class=\"elementor-container elementor-column-gap-default\">\n\t\t\t\t\t<div class=\"elementor-column elementor-col-100 elementor-top-column elementor-element elementor-element-ede8c44\" data-id=\"ede8c44\" data-element_type=\"column\" data-e-type=\"column\">\n\t\t\t<div class=\"elementor-widget-wrap elementor-element-populated\">\n\t\t\t\t\t\t<div class=\"elementor-element elementor-element-a17758a elementor-widget elementor-widget-text-editor\" data-id=\"a17758a\" data-element_type=\"widget\" data-e-type=\"widget\" data-widget_type=\"text-editor.default\">\n\t\t\t\t<div class=\"elementor-widget-container\">\n\t\t\t\t\t\t\t\t\t<p>24 \u00e9ducateurs et amis j\u00e9suites et avec le P\u00e8re Jos\u00e9 Luis Iriberri, SJ ont commenc\u00e9 le Chemin Ignacien 2023 en mai dernier. Nous avons pass\u00e9 du temps dans la ville natale de San Ignacio dans la ville d&rsquo;Azpeitia. Nous avons conclu notre premi\u00e8re journ\u00e9e par une messe dans la salle o\u00f9 Ignacio s&rsquo;est remis de ses blessures et a commenc\u00e9 sa conversion. Sept enseignants actuels de Georgetown Prep et deux anciens enseignants GP font partie de ce Camino 2023 et ont partag\u00e9 leur exp\u00e9rience. Bon Chemin P\u00e8lerins !<\/p><p><a href=\"https:\/\/caminoignaciano.org\/wp-content\/uploads\/2023\/08\/USA-Schools-Frances.pdf\" target=\"_blank\" rel=\"noopener\">Continuez \u00e0 lire l&rsquo;exp\u00e9rience et les photos, cliquez ici<\/a><\/p>\t\t\t\t\t\t\t\t<\/div>\n\t\t\t\t<\/div>\n\t\t\t\t<div class=\"elementor-element elementor-element-a07fe43 elementor-widget elementor-widget-image\" data-id=\"a07fe43\" data-element_type=\"widget\" data-e-type=\"widget\" data-widget_type=\"image.default\">\n\t\t\t\t<div class=\"elementor-widget-container\">\n\t\t\t\t\t\t\t\t\t\t\t\t\t\t\t<img fetchpriority=\"high\" decoding=\"async\" width=\"1024\" height=\"461\" src=\"https:\/\/caminoignaciano.org\/wp-content\/uploads\/2023\/08\/USA-Schools-Network.jpg\" class=\"attachment-large size-large wp-image-30657\" alt=\"\" \/>\t\t\t\t\t\t\t\t\t\t\t\t\t\t\t<\/div>\n\t\t\t\t<\/div>\n\t\t\t\t\t<\/div>\n\t\t<\/div>\n\t\t\t\t\t<\/div>\n\t\t<\/section>\n\t\t\t\t<\/div>\n\t\t","protected":false},"excerpt":{"rendered":"<p>24 \u00e9ducateurs et amis j\u00e9suites et avec le P\u00e8re Jos\u00e9 Luis Iriberri, SJ ont commenc\u00e9 le Chemin Ignacien 2023 en mai dernier. Nous avons pass\u00e9 du temps dans la ville natale de San Ignacio dans la ville d&rsquo;Azpeitia. Nous avons conclu notre premi\u00e8re journ\u00e9e par une messe dans la salle o\u00f9 Ignacio s&rsquo;est remis de [&hellip;]<\/p>\n","protected":false},"author":5,"featured_media":30657,"comment_status":"open","ping_status":"closed","sticky":false,"template":"","format":"standard","meta":{"_acf_changed":false,"footnotes":""},"categories":[77,12],"tags":[],"class_list":["post-30690","post","type-post","status-publish","format-standard","has-post-thumbnail","hentry","category-experiences-fr","category-non-classifiee"],"acf":[],"_links":{"self":[{"href":"https:\/\/caminoignaciano.org\/fr\/wp-json\/wp\/v2\/posts\/30690","targetHints":{"allow":["GET"]}}],"collection":[{"href":"https:\/\/caminoignaciano.org\/fr\/wp-json\/wp\/v2\/posts"}],"about":[{"href":"https:\/\/caminoignaciano.org\/fr\/wp-json\/wp\/v2\/types\/post"}],"author":[{"embeddable":true,"href":"https:\/\/caminoignaciano.org\/fr\/wp-json\/wp\/v2\/users\/5"}],"replies":[{"embeddable":true,"href":"https:\/\/caminoignaciano.org\/fr\/wp-json\/wp\/v2\/comments?post=30690"}],"version-history":[{"count":0,"href":"https:\/\/caminoignaciano.org\/fr\/wp-json\/wp\/v2\/posts\/30690\/revisions"}],"wp:featuredmedia":[{"embeddable":true,"href":"https:\/\/caminoignaciano.org\/fr\/wp-json\/wp\/v2\/media\/30657"}],"wp:attachment":[{"href":"https:\/\/caminoignaciano.org\/fr\/wp-json\/wp\/v2\/media?parent=30690"}],"wp:term":[{"taxonomy":"category","embeddable":true,"href":"https:\/\/caminoignaciano.org\/fr\/wp-json\/wp\/v2\/categories?post=30690"},{"taxonomy":"post_tag","embeddable":true,"href":"https:\/\/caminoignaciano.org\/fr\/wp-json\/wp\/v2\/tags?post=30690"}],"curies":[{"name":"wp","href":"https:\/\/api.w.org\/{rel}","templated":true}]}}