{"id":24497,"date":"2022-12-31T15:33:23","date_gmt":"2022-12-31T14:33:23","guid":{"rendered":"https:\/\/caminoignaciano.org\/video-500-ans-du-sejour-dignace-de-loyola-en-catalogne\/"},"modified":"2023-01-13T20:03:24","modified_gmt":"2023-01-13T19:03:24","slug":"video-500-ans-du-sejour-dignace-de-loyola-en-catalogne","status":"publish","type":"post","link":"https:\/\/caminoignaciano.org\/fr\/video-500-ans-du-sejour-dignace-de-loyola-en-catalogne\/","title":{"rendered":"Vid\u00e9o: 500 ans du s\u00e9jour d&rsquo;Ignace de Loyola en Catalogne"},"content":{"rendered":"\t\t<div data-elementor-type=\"wp-post\" data-elementor-id=\"24497\" class=\"elementor elementor-24497 elementor-24484\" data-elementor-post-type=\"post\">\n\t\t\t\t\t\t<section class=\"elementor-section elementor-top-section elementor-element elementor-element-654c08e elementor-section-boxed elementor-section-height-default elementor-section-height-default\" data-id=\"654c08e\" data-element_type=\"section\" data-e-type=\"section\">\n\t\t\t\t\t\t<div class=\"elementor-container elementor-column-gap-default\">\n\t\t\t\t\t<div class=\"elementor-column elementor-col-100 elementor-top-column elementor-element elementor-element-50a2d5c\" data-id=\"50a2d5c\" data-element_type=\"column\" data-e-type=\"column\">\n\t\t\t<div class=\"elementor-widget-wrap elementor-element-populated\">\n\t\t\t\t\t\t<div class=\"elementor-element elementor-element-c26d59e elementor-widget elementor-widget-text-editor\" data-id=\"c26d59e\" data-element_type=\"widget\" data-e-type=\"widget\" data-widget_type=\"text-editor.default\">\n\t\t\t\t<div class=\"elementor-widget-container\">\n\t\t\t\t\t\t\t\t\t<p>L&rsquo;ann\u00e9e jubilaire 2022 du Chemin ignatien \u00e9tant termin\u00e9e, beaucoup de choses restent pour l&rsquo;avenir, comme les deux films sur le Chemin et les publications qui aident \u00e0 comprendre le sens du p\u00e8lerinage ignatien. Pour souligner une autre collaboration, qui vient de l&rsquo;administration catalane :<\/p><p>\u00ab\u00a0Dans le cadre de la comm\u00e9moration de l&rsquo;ann\u00e9e jubilaire 2022, de la part de la Direction g\u00e9n\u00e9rale des affaires religieuses et du commissaire de la comm\u00e9moration en Catalogne, nous avons essay\u00e9 de donner le maximum de soulagement national \u00e0 cet \u00e9v\u00e9nement qu&rsquo;a eu la Compagnie de J\u00e9sus et la Manresa ville.<\/p><p>Nous avons essay\u00e9 de les accompagner dans leurs actes et actions et nous avons aussi voulu apporter une contribution directe \u00e0 la comm\u00e9moration. Dans ce contexte, nous pensons qu&rsquo;il serait bon d&rsquo;apporter une modeste contribution au travail que le Bureau du Chemin Ignacien, la ville de Manresa et toutes les municipalit\u00e9s catalanes du Chemin et la Direction G\u00e9n\u00e9rale du Tourisme de la Generalitat font pour promouvoir ce chemin de p\u00e8lerinage qui devrait contribuer \u00e0 \u00e9tendre au monde entier la relation du saint avec notre pays.<\/p><p>Pour cette raison, nous avons r\u00e9alis\u00e9 un court m\u00e9trage interactif sur le passage d&rsquo;Ignacio \u00e0 travers les terres catalanes il y a 500 ans en deux versions : en jeu interactif et en vid\u00e9o. Le film est \u00e9galement sous-titr\u00e9 en espagnol et en anglais. Vous trouverez tout cela sur le site de l&rsquo;Ann\u00e9e ignatienne. Nous esp\u00e9rons que ce produit servira \u00e0 rendre le Camino et ses villes plus accessibles et \u00e0 consolider la pr\u00e9sence de saint Ignace de Loyola en Catalogne.<\/p><p><a href=\"https:\/\/smartsocialgames.com\/cami-ignasia-catalunya\/\" target=\"_blank\" rel=\"noopener\">D\u00e9couvrez le jeu ici<\/a><\/p><p><a href=\"https:\/\/youtu.be\/KhkF1M4zRyM\" target=\"_blank\" rel=\"noopener\">Voir la vid\u00e9o ici.<\/a><\/p><p><a href=\"https:\/\/justicia.gencat.cat\/ca\/ambits\/afers-religiosos\/any-ignasia\/index.html#googtrans(ca|es)\" target=\"_blank\" rel=\"noopener\">Voir les nouvelles ici.<\/a><\/p>\t\t\t\t\t\t\t\t<\/div>\n\t\t\t\t<\/div>\n\t\t\t\t<div class=\"elementor-element elementor-element-cf5b7f9 elementor-widget elementor-widget-image\" data-id=\"cf5b7f9\" data-element_type=\"widget\" data-e-type=\"widget\" data-widget_type=\"image.default\">\n\t\t\t\t<div class=\"elementor-widget-container\">\n\t\t\t\t\t\t\t\t\t\t\t\t\t\t\t<img fetchpriority=\"high\" decoding=\"async\" width=\"1024\" height=\"486\" src=\"https:\/\/caminoignaciano.org\/wp-content\/uploads\/2022\/12\/Captura-2.jpg\" class=\"attachment-large size-large wp-image-24481\" alt=\"\" \/>\t\t\t\t\t\t\t\t\t\t\t\t\t\t\t<\/div>\n\t\t\t\t<\/div>\n\t\t\t\t\t<\/div>\n\t\t<\/div>\n\t\t\t\t\t<\/div>\n\t\t<\/section>\n\t\t\t\t<\/div>\n\t\t","protected":false},"excerpt":{"rendered":"<p>L&rsquo;ann\u00e9e jubilaire 2022 du Chemin ignatien \u00e9tant termin\u00e9e, beaucoup de choses restent pour l&rsquo;avenir, comme les deux films sur le Chemin et les publications qui aident \u00e0 comprendre le sens du p\u00e8lerinage ignatien. Pour souligner une autre collaboration, qui vient de l&rsquo;administration catalane : \u00ab\u00a0Dans le cadre de la comm\u00e9moration de l&rsquo;ann\u00e9e jubilaire 2022, de [&hellip;]<\/p>\n","protected":false},"author":5,"featured_media":24474,"comment_status":"open","ping_status":"closed","sticky":false,"template":"","format":"standard","meta":{"_acf_changed":false,"footnotes":""},"categories":[12],"tags":[],"class_list":["post-24497","post","type-post","status-publish","format-standard","has-post-thumbnail","hentry","category-non-classifiee"],"acf":[],"_links":{"self":[{"href":"https:\/\/caminoignaciano.org\/fr\/wp-json\/wp\/v2\/posts\/24497","targetHints":{"allow":["GET"]}}],"collection":[{"href":"https:\/\/caminoignaciano.org\/fr\/wp-json\/wp\/v2\/posts"}],"about":[{"href":"https:\/\/caminoignaciano.org\/fr\/wp-json\/wp\/v2\/types\/post"}],"author":[{"embeddable":true,"href":"https:\/\/caminoignaciano.org\/fr\/wp-json\/wp\/v2\/users\/5"}],"replies":[{"embeddable":true,"href":"https:\/\/caminoignaciano.org\/fr\/wp-json\/wp\/v2\/comments?post=24497"}],"version-history":[{"count":0,"href":"https:\/\/caminoignaciano.org\/fr\/wp-json\/wp\/v2\/posts\/24497\/revisions"}],"wp:featuredmedia":[{"embeddable":true,"href":"https:\/\/caminoignaciano.org\/fr\/wp-json\/wp\/v2\/media\/24474"}],"wp:attachment":[{"href":"https:\/\/caminoignaciano.org\/fr\/wp-json\/wp\/v2\/media?parent=24497"}],"wp:term":[{"taxonomy":"category","embeddable":true,"href":"https:\/\/caminoignaciano.org\/fr\/wp-json\/wp\/v2\/categories?post=24497"},{"taxonomy":"post_tag","embeddable":true,"href":"https:\/\/caminoignaciano.org\/fr\/wp-json\/wp\/v2\/tags?post=24497"}],"curies":[{"name":"wp","href":"https:\/\/api.w.org\/{rel}","templated":true}]}}