{"id":24499,"date":"2022-12-31T15:33:23","date_gmt":"2022-12-31T14:33:23","guid":{"rendered":"https:\/\/caminoignaciano.org\/video-500-jahre-aufenthalt-des-ignatius-von-loyola-in-katalonien\/"},"modified":"2023-01-13T20:05:30","modified_gmt":"2023-01-13T19:05:30","slug":"video-500-jahre-aufenthalt-des-ignatius-von-loyola-in-katalonien","status":"publish","type":"post","link":"https:\/\/caminoignaciano.org\/de\/video-500-jahre-aufenthalt-des-ignatius-von-loyola-in-katalonien\/","title":{"rendered":"Video: 500 Jahre Aufenthalt des Ignatius von Loyola in Katalonien"},"content":{"rendered":"\t\t<div data-elementor-type=\"wp-post\" data-elementor-id=\"24499\" class=\"elementor elementor-24499 elementor-24484\" data-elementor-post-type=\"post\">\n\t\t\t\t\t\t<section class=\"elementor-section elementor-top-section elementor-element elementor-element-654c08e elementor-section-boxed elementor-section-height-default elementor-section-height-default\" data-id=\"654c08e\" data-element_type=\"section\" data-e-type=\"section\">\n\t\t\t\t\t\t<div class=\"elementor-container elementor-column-gap-default\">\n\t\t\t\t\t<div class=\"elementor-column elementor-col-100 elementor-top-column elementor-element elementor-element-50a2d5c\" data-id=\"50a2d5c\" data-element_type=\"column\" data-e-type=\"column\">\n\t\t\t<div class=\"elementor-widget-wrap elementor-element-populated\">\n\t\t\t\t\t\t<div class=\"elementor-element elementor-element-c26d59e elementor-widget elementor-widget-text-editor\" data-id=\"c26d59e\" data-element_type=\"widget\" data-e-type=\"widget\" data-widget_type=\"text-editor.default\">\n\t\t\t\t<div class=\"elementor-widget-container\">\n\t\t\t\t\t\t\t\t\t<p>Nach dem Jubil\u00e4umsjahr 2022 des Ignatianischen Weges bleibt vieles f\u00fcr die Zukunft, wie die beiden Filme \u00fcber den Weg und die Publikationen, welche die Bedeutung der Ignatianischen Pilgerreise zu verstehen helfen. Eine weitere Zusammenarbeit, diesmal mit der katalanischen Verwaltung, ist hervorzuheben:<\/p><p>\u201eIm Rahmen des Gedenkens an das Jubil\u00e4umsjahr 2022 haben wir (die Generaldirektion f\u00fcr religi\u00f6se Angelegenheiten und der Beauftragte des Gedenkens in Katalonien) versucht, diesem Ereignis, mit dem Jesuitenorden und der Stadt von Manresa als Hauptfiguren, die gr\u00f6\u00dftm\u00f6gliche nationale Relevanz zu verleihen. Wir haben versucht, sie in ihrem Handlungen und Veranstaltungen zu begleiten und auch einen direkten Beitrag zum Gedenken zu leisten. In diesem Zusammenhang halten wir es f\u00fcr gut, einen bescheidenen Beitrag zu der Arbeit zu leisten, die das B\u00fcro des Ignatianischen Weges, die Stadt Manresa und alle katalanischen Gemeinden des Weges sowie die Generaldirektion f\u00fcr Tourismus der Generalitat (katalanische Regierung) realisieren, um diesen Pilgerweg zu f\u00f6rdern. Der Pilgerweg soll dazu beitragen, die Beziehung des Heiligen zu unserem Land auf die ganze Welt zu verbreiten. Aus diesem Grund haben wir einen interaktiven Kurzfilm \u00fcber Ignacios Reise durch die katalanischen L\u00e4nder vor 500 Jahren in zwei Versionen gedreht: als interaktives Spiel und als Video. Der Film ist mit Untertitel in Spanisch und Englisch versehen. All das finden Sie auf der Website des Ignatianischen Jahres. Wir hoffen, dass dieses Produkt dazu beitragen wird, dass der Camino und seine Gemeinde mehr Menschen erreichen und die Pr\u00e4senz des Heiligen Ignatius von Loyola in Katalonien verst\u00e4rken.\u201c<\/p><p><a href=\"https:\/\/smartsocialgames.com\/cami-ignasia-catalunya\/\" target=\"_blank\" rel=\"noopener\">Sehen Sie das Spiel hier<\/a><\/p><p><a href=\"https:\/\/youtu.be\/KhkF1M4zRyM\" target=\"_blank\" rel=\"noopener\">Sehen Sie das Video hier.<\/a><\/p><p><a href=\"https:\/\/justicia.gencat.cat\/ca\/ambits\/afers-religiosos\/any-ignasia\/index.html#googtrans(ca|es)\" target=\"_blank\" rel=\"noopener\">Sehen Sie hier die Neuigkeiten.<\/a><\/p>\t\t\t\t\t\t\t\t<\/div>\n\t\t\t\t<\/div>\n\t\t\t\t<div class=\"elementor-element elementor-element-05aa7bf elementor-widget elementor-widget-image\" data-id=\"05aa7bf\" data-element_type=\"widget\" data-e-type=\"widget\" data-widget_type=\"image.default\">\n\t\t\t\t<div class=\"elementor-widget-container\">\n\t\t\t\t\t\t\t\t\t\t\t\t\t\t\t<img fetchpriority=\"high\" decoding=\"async\" width=\"1024\" height=\"486\" src=\"https:\/\/caminoignaciano.org\/wp-content\/uploads\/2022\/12\/Captura-2.jpg\" class=\"attachment-large size-large wp-image-24482\" alt=\"\" \/>\t\t\t\t\t\t\t\t\t\t\t\t\t\t\t<\/div>\n\t\t\t\t<\/div>\n\t\t\t\t\t<\/div>\n\t\t<\/div>\n\t\t\t\t\t<\/div>\n\t\t<\/section>\n\t\t\t\t<\/div>\n\t\t","protected":false},"excerpt":{"rendered":"<p>Nach dem Jubil\u00e4umsjahr 2022 des Ignatianischen Weges bleibt vieles f\u00fcr die Zukunft, wie die beiden Filme \u00fcber den Weg und die Publikationen, welche die Bedeutung der Ignatianischen Pilgerreise zu verstehen helfen. Eine weitere Zusammenarbeit, diesmal mit der katalanischen Verwaltung, ist hervorzuheben: \u201eIm Rahmen des Gedenkens an das Jubil\u00e4umsjahr 2022 haben wir (die Generaldirektion f\u00fcr religi\u00f6se [&hellip;]<\/p>\n","protected":false},"author":5,"featured_media":24475,"comment_status":"open","ping_status":"closed","sticky":false,"template":"","format":"standard","meta":{"_acf_changed":false,"footnotes":""},"categories":[9],"tags":[],"class_list":["post-24499","post","type-post","status-publish","format-standard","has-post-thumbnail","hentry","category-unkategorisiert"],"acf":[],"_links":{"self":[{"href":"https:\/\/caminoignaciano.org\/de\/wp-json\/wp\/v2\/posts\/24499","targetHints":{"allow":["GET"]}}],"collection":[{"href":"https:\/\/caminoignaciano.org\/de\/wp-json\/wp\/v2\/posts"}],"about":[{"href":"https:\/\/caminoignaciano.org\/de\/wp-json\/wp\/v2\/types\/post"}],"author":[{"embeddable":true,"href":"https:\/\/caminoignaciano.org\/de\/wp-json\/wp\/v2\/users\/5"}],"replies":[{"embeddable":true,"href":"https:\/\/caminoignaciano.org\/de\/wp-json\/wp\/v2\/comments?post=24499"}],"version-history":[{"count":0,"href":"https:\/\/caminoignaciano.org\/de\/wp-json\/wp\/v2\/posts\/24499\/revisions"}],"wp:featuredmedia":[{"embeddable":true,"href":"https:\/\/caminoignaciano.org\/de\/wp-json\/wp\/v2\/media\/24475"}],"wp:attachment":[{"href":"https:\/\/caminoignaciano.org\/de\/wp-json\/wp\/v2\/media?parent=24499"}],"wp:term":[{"taxonomy":"category","embeddable":true,"href":"https:\/\/caminoignaciano.org\/de\/wp-json\/wp\/v2\/categories?post=24499"},{"taxonomy":"post_tag","embeddable":true,"href":"https:\/\/caminoignaciano.org\/de\/wp-json\/wp\/v2\/tags?post=24499"}],"curies":[{"name":"wp","href":"https:\/\/api.w.org\/{rel}","templated":true}]}}