{"id":38586,"date":"2025-08-21T18:35:55","date_gmt":"2025-08-21T16:35:55","guid":{"rendered":"https:\/\/caminoignaciano.org\/un-encuentro-con-ignacio-que-cambia-la-vida\/"},"modified":"2025-08-21T18:35:55","modified_gmt":"2025-08-21T16:35:55","slug":"un-encuentro-con-ignacio-que-cambia-la-vida","status":"publish","type":"post","link":"https:\/\/caminoignaciano.org\/ca\/un-encuentro-con-ignacio-que-cambia-la-vida\/","title":{"rendered":"Un encuentro con Ignacio que cambia la vida"},"content":{"rendered":"\n<p>Mirando atr\u00e1s, semanas despu\u00e9s de llegar a Manresa, nuestro destino final, puedo decir con confianza que fue un encuentro con Ignacio, con el camino, con nuestro grupo de caminantes, con la campi\u00f1a espa\u00f1ola y sus gentes, que me cambi\u00f3 la vida. Ser peregrino es ahora&#8230;<\/p>\n\n\n\n<p><a href=\"https:\/\/caminoignaciano.org\/wp-content\/uploads\/2025\/08\/2-Brendan-es.pdf\" target=\"_blank\" rel=\"noreferrer noopener\">Seguir leyendo aqu\u00ed<\/a><\/p>\n","protected":false},"excerpt":{"rendered":"<p>Mirando atr\u00e1s, semanas despu\u00e9s de llegar a Manresa, nuestro destino final, puedo decir con confianza que fue un encuentro con Ignacio, con el camino, con nuestro grupo de caminantes, con la campi\u00f1a espa\u00f1ola y sus gentes, que me cambi\u00f3 la vida. Ser peregrino es ahora&#8230; Seguir leyendo aqu\u00ed<\/p>\n","protected":false},"author":5,"featured_media":38578,"comment_status":"open","ping_status":"closed","sticky":false,"template":"","format":"standard","meta":{"_acf_changed":false,"footnotes":""},"categories":[62],"tags":[],"class_list":["post-38586","post","type-post","status-publish","format-standard","has-post-thumbnail","hentry","category-experiencies"],"acf":[],"_links":{"self":[{"href":"https:\/\/caminoignaciano.org\/ca\/wp-json\/wp\/v2\/posts\/38586","targetHints":{"allow":["GET"]}}],"collection":[{"href":"https:\/\/caminoignaciano.org\/ca\/wp-json\/wp\/v2\/posts"}],"about":[{"href":"https:\/\/caminoignaciano.org\/ca\/wp-json\/wp\/v2\/types\/post"}],"author":[{"embeddable":true,"href":"https:\/\/caminoignaciano.org\/ca\/wp-json\/wp\/v2\/users\/5"}],"replies":[{"embeddable":true,"href":"https:\/\/caminoignaciano.org\/ca\/wp-json\/wp\/v2\/comments?post=38586"}],"version-history":[{"count":0,"href":"https:\/\/caminoignaciano.org\/ca\/wp-json\/wp\/v2\/posts\/38586\/revisions"}],"wp:featuredmedia":[{"embeddable":true,"href":"https:\/\/caminoignaciano.org\/ca\/wp-json\/wp\/v2\/media\/38578"}],"wp:attachment":[{"href":"https:\/\/caminoignaciano.org\/ca\/wp-json\/wp\/v2\/media?parent=38586"}],"wp:term":[{"taxonomy":"category","embeddable":true,"href":"https:\/\/caminoignaciano.org\/ca\/wp-json\/wp\/v2\/categories?post=38586"},{"taxonomy":"post_tag","embeddable":true,"href":"https:\/\/caminoignaciano.org\/ca\/wp-json\/wp\/v2\/tags?post=38586"}],"curies":[{"name":"wp","href":"https:\/\/api.w.org\/{rel}","templated":true}]}}