{"id":3692,"date":"0205-07-30T13:02:07","date_gmt":"0205-07-30T13:02:07","guid":{"rendered":"http:\/\/caminoignaciano.sjdigitaldemo.ovh\/comenca-lany-jubilar-del-cami-ignasia\/"},"modified":"2019-01-25T13:05:31","modified_gmt":"2019-01-25T12:05:31","slug":"comenca-lany-jubilar-del-cami-ignasia","status":"publish","type":"post","link":"https:\/\/caminoignaciano.org\/ca\/comenca-lany-jubilar-del-cami-ignasia\/","title":{"rendered":"Comen\u00e7a l&#8217;Any Jubilar del Cam\u00ed Ignasi\u00e0"},"content":{"rendered":"<p>En els dos santuaris d&#8217;Azpeitia &#8211; Loiola i a Manresa es va iniciar el 31 de juliol 2015 el primer Any Jubilar dedicat als pelegrins del Cam\u00ed Ignasi\u00e0.<br \/>\nUna Porta Santa va ser bene\u00efda i oberta amb solemnitat al santuari de Manresa i romandr\u00e0 aix\u00ed fins el 31 de juliol del 2016, quan ser\u00e0 tancada fins al seg\u00fcent Any Jubilar, el 2021.<br \/>\nTots els pelegrins que creuin la porta, s\u00edmbol de Jes\u00fas segons els Evangelis, i que compleixin amb les condicions estipulades per obtenir el Jubileu, reben les indulg\u00e8ncies plen\u00e0ries concedides pel Papa Francisco per a aquesta ocasi\u00f3.<br \/>\nEl Jubileu s&#8217;obt\u00e9 en els dos santuaris de Loiola i Manresa, inici i final del Cam\u00ed Ignasi\u00e0.<\/p>\n\n<ul class=\"wp-block-gallery aligncenter columns-3 is-cropped wp-block-gallery-1 is-layout-flex wp-block-gallery-is-layout-flex\">\n<li class=\"blocks-gallery-item\"><figure><a href=\"http:\/\/caminoignaciano.org\/wp-content\/uploads\/2015\/07\/20150731_192439.jpg\"><img fetchpriority=\"high\" decoding=\"async\" width=\"675\" height=\"1200\" src=\"http:\/\/caminoignaciano.org\/wp-content\/uploads\/2015\/07\/20150731_192439.jpg\" alt=\"\" data-id=\"3662\" data-link=\"http:\/\/caminoignaciano.org\/inicio-del-ano-jubilar-del-camino-ignaciano\/20150731_192439-2\/\" class=\"wp-image-3662\"><\/a><\/figure><\/li>\n<li class=\"blocks-gallery-item\"><figure><a href=\"http:\/\/caminoignaciano.org\/wp-content\/uploads\/2015\/07\/DSC_9258.jpg\"><img decoding=\"async\" width=\"1200\" height=\"800\" src=\"http:\/\/caminoignaciano.org\/wp-content\/uploads\/2015\/07\/DSC_9258.jpg\" alt=\"\" data-id=\"3669\" data-link=\"http:\/\/caminoignaciano.org\/inicio-del-ano-jubilar-del-camino-ignaciano\/dsc_9258-2\/\" class=\"wp-image-3669\"><\/a><\/figure><\/li>\n<li class=\"blocks-gallery-item\"><figure><a href=\"http:\/\/caminoignaciano.org\/wp-content\/uploads\/2015\/07\/20150801_110516_0.jpg\"><img decoding=\"async\" width=\"675\" height=\"1200\" src=\"http:\/\/caminoignaciano.org\/wp-content\/uploads\/2015\/07\/20150801_110516_0.jpg\" alt=\"\" data-id=\"3676\" data-link=\"http:\/\/caminoignaciano.org\/inicio-del-ano-jubilar-del-camino-ignaciano\/20150801_110516_0-2\/\" class=\"wp-image-3676\"><\/a><\/figure><\/li>\n<li class=\"blocks-gallery-item\"><figure><a href=\"http:\/\/caminoignaciano.org\/wp-content\/uploads\/2015\/07\/DSC04590.jpg\"><img loading=\"lazy\" decoding=\"async\" width=\"800\" height=\"600\" src=\"http:\/\/caminoignaciano.org\/wp-content\/uploads\/2015\/07\/DSC04590.jpg\" alt=\"\" data-id=\"3683\" data-link=\"http:\/\/caminoignaciano.org\/inicio-del-ano-jubilar-del-camino-ignaciano\/dsc04590-2\/\" class=\"wp-image-3683\"><\/a><\/figure><\/li>\n<\/ul>","protected":false},"excerpt":{"rendered":"<p>En els dos santuaris d&#8217;Azpeitia &#8211; Loiola i a Manresa es va iniciar el 31 de juliol 2015 el primer Any Jubilar dedicat als pelegrins del Cam\u00ed Ignasi\u00e0. Una Porta Santa va ser bene\u00efda i oberta amb solemnitat al santuari de Manresa i romandr\u00e0 aix\u00ed fins el 31 de juliol del 2016, quan ser\u00e0 tancada [&hellip;]<\/p>\n","protected":false},"author":1,"featured_media":3671,"comment_status":"open","ping_status":"closed","sticky":false,"template":"","format":"standard","meta":{"_acf_changed":false,"footnotes":""},"categories":[10],"tags":[],"class_list":["post-3692","post","type-post","status-publish","format-standard","has-post-thumbnail","hentry","category-sense-categoria"],"acf":[],"_links":{"self":[{"href":"https:\/\/caminoignaciano.org\/ca\/wp-json\/wp\/v2\/posts\/3692","targetHints":{"allow":["GET"]}}],"collection":[{"href":"https:\/\/caminoignaciano.org\/ca\/wp-json\/wp\/v2\/posts"}],"about":[{"href":"https:\/\/caminoignaciano.org\/ca\/wp-json\/wp\/v2\/types\/post"}],"author":[{"embeddable":true,"href":"https:\/\/caminoignaciano.org\/ca\/wp-json\/wp\/v2\/users\/1"}],"replies":[{"embeddable":true,"href":"https:\/\/caminoignaciano.org\/ca\/wp-json\/wp\/v2\/comments?post=3692"}],"version-history":[{"count":0,"href":"https:\/\/caminoignaciano.org\/ca\/wp-json\/wp\/v2\/posts\/3692\/revisions"}],"wp:featuredmedia":[{"embeddable":true,"href":"https:\/\/caminoignaciano.org\/ca\/wp-json\/wp\/v2\/media\/3671"}],"wp:attachment":[{"href":"https:\/\/caminoignaciano.org\/ca\/wp-json\/wp\/v2\/media?parent=3692"}],"wp:term":[{"taxonomy":"category","embeddable":true,"href":"https:\/\/caminoignaciano.org\/ca\/wp-json\/wp\/v2\/categories?post=3692"},{"taxonomy":"post_tag","embeddable":true,"href":"https:\/\/caminoignaciano.org\/ca\/wp-json\/wp\/v2\/tags?post=3692"}],"curies":[{"name":"wp","href":"https:\/\/api.w.org\/{rel}","templated":true}]}}