{"id":2971,"date":"2014-11-02T22:19:42","date_gmt":"2014-11-02T21:19:42","guid":{"rendered":"http:\/\/caminoignaciano.sjdigitaldemo.ovh\/pelegrins-africans\/"},"modified":"2019-01-25T11:07:40","modified_gmt":"2019-01-25T10:07:40","slug":"pelegrins-africans","status":"publish","type":"post","link":"https:\/\/caminoignaciano.org\/ca\/pelegrins-africans\/","title":{"rendered":"Pelegrins Africans"},"content":{"rendered":"<p>A petici\u00f3 d&#8217;un nombr\u00f3s grup de pelegrins africans, l&#8217;Oficina va organitzar i va acompanyar una vetlla de preg\u00e0ria i la posterior baixada des del Monestir de Montserrat fins al Santuari de La Cova de Manresa, seguint els passos de Sant Ignasi de Loiola. Tot un \u00e8xit d&#8217;assist\u00e8ncia i d&#8217;experi\u00e8ncia!<br \/>\nPer veure fotografies premeu <a href=\"\/wp-content\/uploads\/2019\/01\/Pelegrins-Africans-Catala\u0300.pdf\" target=\"_blank\" rel=\"noopener\"><strong>aqu\u00ed<\/strong>.<\/a><\/p>\n<p><a href=\"http:\/\/caminoignaciano.org\/wp-content\/uploads\/2018\/11\/Captura-de-pantalla-2018-11-29-a-las-9.07.14.jpg\"><img fetchpriority=\"high\" decoding=\"async\" class=\"aligncenter wp-image-484 size-full\" src=\"http:\/\/caminoignaciano.org\/wp-content\/uploads\/2018\/11\/Captura-de-pantalla-2018-11-29-a-las-9.07.14.jpg\" alt=\"\" width=\"2630\" height=\"1296\" srcset=\"https:\/\/caminoignaciano.org\/wp-content\/uploads\/2018\/11\/Captura-de-pantalla-2018-11-29-a-las-9.07.14.jpg 2630w, https:\/\/caminoignaciano.org\/wp-content\/uploads\/2018\/11\/Captura-de-pantalla-2018-11-29-a-las-9.07.14-300x148.jpg 300w, https:\/\/caminoignaciano.org\/wp-content\/uploads\/2018\/11\/Captura-de-pantalla-2018-11-29-a-las-9.07.14-768x378.jpg 768w, https:\/\/caminoignaciano.org\/wp-content\/uploads\/2018\/11\/Captura-de-pantalla-2018-11-29-a-las-9.07.14-1024x505.jpg 1024w\" sizes=\"(max-width: 2630px) 100vw, 2630px\" \/><\/a><\/p>\n","protected":false},"excerpt":{"rendered":"<p>A petici\u00f3 d&#8217;un nombr\u00f3s grup de pelegrins africans, l&#8217;Oficina va organitzar i va acompanyar una vetlla de preg\u00e0ria i la posterior baixada des del Monestir de Montserrat fins al Santuari de La Cova de Manresa, seguint els passos de Sant Ignasi de Loiola. Tot un \u00e8xit d&#8217;assist\u00e8ncia i d&#8217;experi\u00e8ncia! Per veure fotografies premeu aqu\u00ed.<\/p>\n","protected":false},"author":1,"featured_media":2973,"comment_status":"open","ping_status":"closed","sticky":false,"template":"","format":"standard","meta":{"_acf_changed":false,"footnotes":""},"categories":[10],"tags":[],"class_list":["post-2971","post","type-post","status-publish","format-standard","has-post-thumbnail","hentry","category-sense-categoria"],"acf":[],"_links":{"self":[{"href":"https:\/\/caminoignaciano.org\/ca\/wp-json\/wp\/v2\/posts\/2971","targetHints":{"allow":["GET"]}}],"collection":[{"href":"https:\/\/caminoignaciano.org\/ca\/wp-json\/wp\/v2\/posts"}],"about":[{"href":"https:\/\/caminoignaciano.org\/ca\/wp-json\/wp\/v2\/types\/post"}],"author":[{"embeddable":true,"href":"https:\/\/caminoignaciano.org\/ca\/wp-json\/wp\/v2\/users\/1"}],"replies":[{"embeddable":true,"href":"https:\/\/caminoignaciano.org\/ca\/wp-json\/wp\/v2\/comments?post=2971"}],"version-history":[{"count":0,"href":"https:\/\/caminoignaciano.org\/ca\/wp-json\/wp\/v2\/posts\/2971\/revisions"}],"wp:featuredmedia":[{"embeddable":true,"href":"https:\/\/caminoignaciano.org\/ca\/wp-json\/wp\/v2\/media\/2973"}],"wp:attachment":[{"href":"https:\/\/caminoignaciano.org\/ca\/wp-json\/wp\/v2\/media?parent=2971"}],"wp:term":[{"taxonomy":"category","embeddable":true,"href":"https:\/\/caminoignaciano.org\/ca\/wp-json\/wp\/v2\/categories?post=2971"},{"taxonomy":"post_tag","embeddable":true,"href":"https:\/\/caminoignaciano.org\/ca\/wp-json\/wp\/v2\/tags?post=2971"}],"curies":[{"name":"wp","href":"https:\/\/api.w.org\/{rel}","templated":true}]}}