{"id":24493,"date":"2022-12-31T15:33:23","date_gmt":"2022-12-31T14:33:23","guid":{"rendered":"https:\/\/caminoignaciano.org\/video-500-anys-de-lestada-dignasi-de-loiola-a-catalunya\/"},"modified":"2023-01-13T19:57:14","modified_gmt":"2023-01-13T18:57:14","slug":"video-500-anys-de-lestada-dignasi-de-loiola-a-catalunya","status":"publish","type":"post","link":"https:\/\/caminoignaciano.org\/ca\/video-500-anys-de-lestada-dignasi-de-loiola-a-catalunya\/","title":{"rendered":"Video: 500 anys de l&#8217;estada d&#8217;Ignasi de Loiola a Catalunya"},"content":{"rendered":"\t\t<div data-elementor-type=\"wp-post\" data-elementor-id=\"24493\" class=\"elementor elementor-24493 elementor-24484\" data-elementor-post-type=\"post\">\n\t\t\t\t\t\t<section class=\"elementor-section elementor-top-section elementor-element elementor-element-654c08e elementor-section-boxed elementor-section-height-default elementor-section-height-default\" data-id=\"654c08e\" data-element_type=\"section\" data-e-type=\"section\">\n\t\t\t\t\t\t<div class=\"elementor-container elementor-column-gap-default\">\n\t\t\t\t\t<div class=\"elementor-column elementor-col-100 elementor-top-column elementor-element elementor-element-50a2d5c\" data-id=\"50a2d5c\" data-element_type=\"column\" data-e-type=\"column\">\n\t\t\t<div class=\"elementor-widget-wrap elementor-element-populated\">\n\t\t\t\t\t\t<div class=\"elementor-element elementor-element-c26d59e elementor-widget elementor-widget-text-editor\" data-id=\"c26d59e\" data-element_type=\"widget\" data-e-type=\"widget\" data-widget_type=\"text-editor.default\">\n\t\t\t\t<div class=\"elementor-widget-container\">\n\t\t\t\t\t\t\t\t\t<p>Acabat l&#8217;Any Jubilar 2022 del Cam\u00ed Ignasi\u00e0, moltes coses queden per al futur, com les dues pel\u00b7l\u00edcules sobre el Cam\u00ed i les publicacions que ajuden a comprendre el sentit del pelegrinatge ignasi\u00e0. Cal destacar una col\u00b7laboraci\u00f3 m\u00e9s que arriba des de l&#8217;administraci\u00f3 catalana:<\/p><p>\u201cEn el marc de la commemoraci\u00f3 de l&#8217;any Jubilar 2022, des de la Direcci\u00f3 General d&#8217;Afers Religiosos i el comissariat de la Commemoraci\u00f3 a Catalunya hem intentat donar el m\u00e0xim relleu nacional a aquesta efem\u00e8ride que ha tingut com a protagonistes principals la Companyia de Jes\u00fas i la ciutat de Manresa.<\/p><p>Hem intentat acompanyar-los als seus actes i accions i tamb\u00e9 hem volgut fer alguna aportaci\u00f3 directa a la commemoraci\u00f3. En aquest context, pensem que seria bo fer una modesta contribuci\u00f3 a la feina que, des de l&#8217;Oficina del Cam\u00ed Ignasi\u00e0, la ciutat de Manresa i tots els municipis catalans del Cam\u00ed i la Direcci\u00f3 General de Turisme de la Generalitat s&#8217;est\u00e0 fent per promocionar aquest cam\u00ed de pelegrinatge que ha d&#8217;ajudar a estendre a tothom la relaci\u00f3 del sant amb el nostre pa\u00eds.<\/p><p>Per aix\u00f2, hem fet una breu pel\u00b7l\u00edcula interactiva sobre el pas d&#8217;Ignasi fa 500 anys per terres catalanes en dues versions: com a joc interactiu i com a v\u00eddeo. La pel\u00b7l\u00edcula tamb\u00e9 compta amb subt\u00edtols en versi\u00f3 castellana i angl\u00e8s. Tot aix\u00f2 ho trobareu a la p\u00e0gina web de l&#8217;Any Ignasi\u00e0. Esperem que aquest producte serveixi per fer arribar a m\u00e9s gent el Cam\u00ed i els seus pobles i per consolidar la pres\u00e8ncia de Sant Ignasi de Loiola a Catalunya.\u201d<\/p><p><a href=\"https:\/\/smartsocialgames.com\/cami-ignasia-catalunya\/\" target=\"_blank\" rel=\"noopener\">Veure el joc aqu\u00ed<\/a><\/p><p><a href=\"https:\/\/youtu.be\/KhkF1M4zRyM\" target=\"_blank\" rel=\"noopener\">Veure el v\u00eddeo aqu\u00ed.<\/a><\/p><p><a href=\"https:\/\/justicia.gencat.cat\/ca\/ambits\/afers-religiosos\/any-ignasia\/index.html#googtrans(ca|es)\" target=\"_blank\" rel=\"noopener\">Veure la noticia aqu\u00ed.<\/a><\/p>\t\t\t\t\t\t\t\t<\/div>\n\t\t\t\t<\/div>\n\t\t\t\t<div class=\"elementor-element elementor-element-75890d4 elementor-widget elementor-widget-image\" data-id=\"75890d4\" data-element_type=\"widget\" data-e-type=\"widget\" data-widget_type=\"image.default\">\n\t\t\t\t<div class=\"elementor-widget-container\">\n\t\t\t\t\t\t\t\t\t\t\t\t\t\t\t<img fetchpriority=\"high\" decoding=\"async\" width=\"1024\" height=\"486\" src=\"https:\/\/caminoignaciano.org\/wp-content\/uploads\/2022\/12\/Captura-2.jpg\" class=\"attachment-large size-large wp-image-24479\" alt=\"\" \/>\t\t\t\t\t\t\t\t\t\t\t\t\t\t\t<\/div>\n\t\t\t\t<\/div>\n\t\t\t\t\t<\/div>\n\t\t<\/div>\n\t\t\t\t\t<\/div>\n\t\t<\/section>\n\t\t\t\t<\/div>\n\t\t","protected":false},"excerpt":{"rendered":"<p>Acabat l&#8217;Any Jubilar 2022 del Cam\u00ed Ignasi\u00e0, moltes coses queden per al futur, com les dues pel\u00b7l\u00edcules sobre el Cam\u00ed i les publicacions que ajuden a comprendre el sentit del pelegrinatge ignasi\u00e0. Cal destacar una col\u00b7laboraci\u00f3 m\u00e9s que arriba des de l&#8217;administraci\u00f3 catalana: \u201cEn el marc de la commemoraci\u00f3 de l&#8217;any Jubilar 2022, des de [&hellip;]<\/p>\n","protected":false},"author":5,"featured_media":24472,"comment_status":"open","ping_status":"closed","sticky":false,"template":"","format":"standard","meta":{"_acf_changed":false,"footnotes":""},"categories":[10],"tags":[],"class_list":["post-24493","post","type-post","status-publish","format-standard","has-post-thumbnail","hentry","category-sense-categoria"],"acf":[],"_links":{"self":[{"href":"https:\/\/caminoignaciano.org\/ca\/wp-json\/wp\/v2\/posts\/24493","targetHints":{"allow":["GET"]}}],"collection":[{"href":"https:\/\/caminoignaciano.org\/ca\/wp-json\/wp\/v2\/posts"}],"about":[{"href":"https:\/\/caminoignaciano.org\/ca\/wp-json\/wp\/v2\/types\/post"}],"author":[{"embeddable":true,"href":"https:\/\/caminoignaciano.org\/ca\/wp-json\/wp\/v2\/users\/5"}],"replies":[{"embeddable":true,"href":"https:\/\/caminoignaciano.org\/ca\/wp-json\/wp\/v2\/comments?post=24493"}],"version-history":[{"count":0,"href":"https:\/\/caminoignaciano.org\/ca\/wp-json\/wp\/v2\/posts\/24493\/revisions"}],"wp:featuredmedia":[{"embeddable":true,"href":"https:\/\/caminoignaciano.org\/ca\/wp-json\/wp\/v2\/media\/24472"}],"wp:attachment":[{"href":"https:\/\/caminoignaciano.org\/ca\/wp-json\/wp\/v2\/media?parent=24493"}],"wp:term":[{"taxonomy":"category","embeddable":true,"href":"https:\/\/caminoignaciano.org\/ca\/wp-json\/wp\/v2\/categories?post=24493"},{"taxonomy":"post_tag","embeddable":true,"href":"https:\/\/caminoignaciano.org\/ca\/wp-json\/wp\/v2\/tags?post=24493"}],"curies":[{"name":"wp","href":"https:\/\/api.w.org\/{rel}","templated":true}]}}